{"id":3584,"date":"2019-12-12T20:41:52","date_gmt":"2019-12-12T19:41:52","guid":{"rendered":"https:\/\/earth-c-air.com\/?p=3584"},"modified":"2020-04-13T05:31:27","modified_gmt":"2020-04-13T04:31:27","slug":"newsletter-03-19","status":"publish","type":"post","link":"https:\/\/earth-c-air.com\/fr\/newsletter-03-19\/","title":{"rendered":"Newsletter 03\/19"},"content":{"rendered":"<div id=\"pl-3584\"  class=\"panel-layout\" ><div id=\"pg-3584-0\"  class=\"panel-grid panel-no-style\" ><div id=\"pgc-3584-0-0\"  class=\"panel-grid-cell\" ><div id=\"panel-3584-0-0-0\" class=\"so-panel widget widget_sow-editor panel-first-child panel-last-child\" data-index=\"0\" ><div\n\t\t\t\n\t\t\tclass=\"so-widget-sow-editor so-widget-sow-editor-base\"\n\t\t\t\n\t\t><h3 class=\"widget-title\">Decembre 2019<\/h3>\n<div class=\"siteorigin-widget-tinymce textwidget\">\n\t<\/p>\n<p>Chers donateurs, sympathisants et bienfaiteurs,<\/p>\n<p>Une perte douloureuse, une mission m\u00e9dicale et une c\u00e9r\u00e9monie historique \u00e0 la fin de l'ann\u00e9e.<\/p><\/p>\n<\/div>\n<\/div><\/div><\/div><\/div><div id=\"pg-3584-1\"  class=\"panel-grid panel-no-style\" ><div id=\"pgc-3584-1-0\"  class=\"panel-grid-cell\" ><div id=\"panel-3584-1-0-0\" class=\"so-panel widget widget_sow-editor panel-first-child panel-last-child\" data-index=\"1\" ><div class=\"panel-widget-style panel-widget-style-for-3584-1-0-0\" ><div\n\t\t\t\n\t\t\tclass=\"so-widget-sow-editor so-widget-sow-editor-base\"\n\t\t\t\n\t\t>\n<div class=\"siteorigin-widget-tinymce textwidget\">\n\t<p><b><\/b><\/p>\n<p>Nous sommes toujours constern\u00e9s et en deuil que Regula Kaufmann, membre de l'\u00e9quipe de notre association, ne soit plus avec nous.<\/p>\n<p>Regi (ici \u00e0 gauche sur la photo avec le camarade Sonam, notre employ\u00e9 de l'ONG \u00e0 Katmandou) a \u00e9t\u00e9 impliqu\u00e9 dans notre organisation pendant des ann\u00e9es avec beaucoup d'esprit et a fait du travail administratif b\u00e9n\u00e9vole. Malheureusement, elle a eu un accident en montagne fin octobre.<\/p>\n<p>La devise de l'association sera \u00e0 l'avenir la devise de la confirmation de Regula : \"Toute personne a re\u00e7u un don sp\u00e9cial de Dieu et elle doit servir les autres avec ce don sp\u00e9cial\".<\/p>\n<p><b><\/b><\/p>\n<\/div>\n<\/div><\/div><\/div><\/div><div id=\"pgc-3584-1-1\"  class=\"panel-grid-cell\" ><div id=\"panel-3584-1-1-0\" class=\"so-panel widget widget_sow-image panel-first-child panel-last-child\" data-index=\"2\" ><div\n\t\t\t\n\t\t\tclass=\"so-widget-sow-image so-widget-sow-image-default-e4c2d9f6c920-3584\"\n\t\t\t\n\t\t>\n<div class=\"sow-image-container\">\n\t\t<img fetchpriority=\"high\" \n\tsrc=\"https:\/\/earth-c-air.com\/wp-content\/uploads\/2019\/12\/nl_2019_03_pic1.png\" width=\"245\" height=\"297\" sizes=\"(max-width: 245px) 100vw, 245px\" alt=\"\" \t\tclass=\"so-widget-image\"\/>\n\t<\/div>\n\n<\/div><\/div><\/div><\/div><div id=\"pg-3584-2\"  class=\"panel-grid panel-no-style\" ><div id=\"pgc-3584-2-0\"  class=\"panel-grid-cell\" ><div id=\"panel-3584-2-0-0\" class=\"so-panel widget widget_sow-image panel-first-child panel-last-child\" data-index=\"3\" ><div\n\t\t\t\n\t\t\tclass=\"so-widget-sow-image so-widget-sow-image-default-8b5b6f678277-3584\"\n\t\t\t\n\t\t>\n<div class=\"sow-image-container\">\n\t\t<img \n\tsrc=\"https:\/\/earth-c-air.com\/wp-content\/uploads\/2019\/12\/nl_2019_03_pic2.png\" width=\"508\" height=\"335\" srcset=\"https:\/\/earth-c-air.com\/wp-content\/uploads\/2019\/12\/nl_2019_03_pic2.png 508w, https:\/\/earth-c-air.com\/wp-content\/uploads\/2019\/12\/nl_2019_03_pic2-300x198.png 300w\" sizes=\"(max-width: 508px) 100vw, 508px\" alt=\"\" \t\tclass=\"so-widget-image\"\/>\n\t<\/div>\n\n<\/div><\/div><\/div><div id=\"pgc-3584-2-1\"  class=\"panel-grid-cell\" ><div id=\"panel-3584-2-1-0\" class=\"so-panel widget widget_sow-editor panel-first-child panel-last-child\" data-index=\"4\" ><div class=\"panel-widget-style panel-widget-style-for-3584-2-1-0\" ><div\n\t\t\t\n\t\t\tclass=\"so-widget-sow-editor so-widget-sow-editor-base\"\n\t\t\t\n\t\t>\n<div class=\"siteorigin-widget-tinymce textwidget\">\n\t<p><b><\/b><\/p>\n<p>En novembre, une \u00e9quipe m\u00e9dicale de Earth C-Air a conduit un camp de soins dans 3 villages du district de Gorkha. Le groupe a soign\u00e9 plus de 900 patients.<\/p>\n<p>Dans le m\u00eame temps, le nouveau poste de sant\u00e9 dans la colonie Patalekharka pourrait \u00eatre ouvert.<\/p>\n<p>Nous avons constat\u00e9 que notre soutien pr\u00e9c\u00e9dent a eu un effet positif. Surtout, les dents de la population sont en meilleure sant\u00e9. Sous la direction du Dr Erwin Julen et des experts du N\u00e9pal, nous avons une fois de plus accompli de grandes choses. Merci beaucoup !<\/p>\n<p><b><\/b><\/p>\n<\/div>\n<\/div><\/div><\/div><\/div><\/div><div id=\"pg-3584-3\"  class=\"panel-grid panel-no-style\" ><div id=\"pgc-3584-3-0\"  class=\"panel-grid-cell\" ><div id=\"panel-3584-3-0-0\" class=\"so-panel widget widget_sow-editor panel-first-child panel-last-child\" data-index=\"5\" ><div class=\"panel-widget-style panel-widget-style-for-3584-3-0-0\" ><div\n\t\t\t\n\t\t\tclass=\"so-widget-sow-editor so-widget-sow-editor-base\"\n\t\t\t\n\t\t>\n<div class=\"siteorigin-widget-tinymce textwidget\">\n\t<p><b><\/b><\/p>\n<p>La c\u00e9r\u00e9monie d'inauguration des travaux du centre de sant\u00e9 de Khorlabesi a \u00e9t\u00e9 tr\u00e8s \u00e9mouvante. Ce sera un grand d\u00e9fi et nous appr\u00e9cions beaucoup que des experts suisses se portent volontaires.<\/p>\n<p><b><\/b><\/p>\n<\/div>\n<\/div><\/div><\/div><\/div><\/div><div id=\"pg-3584-4\"  class=\"panel-grid panel-no-style\" ><div id=\"pgc-3584-4-0\"  class=\"panel-grid-cell\" ><div id=\"panel-3584-4-0-0\" class=\"so-panel widget widget_sow-editor panel-first-child panel-last-child\" data-index=\"6\" ><div class=\"panel-widget-style panel-widget-style-for-3584-4-0-0\" ><div\n\t\t\t\n\t\t\tclass=\"so-widget-sow-editor so-widget-sow-editor-base\"\n\t\t\t\n\t\t>\n<div class=\"siteorigin-widget-tinymce textwidget\">\n\t<p><b><\/b><\/p>\n<p>D'une vision m\u00fbrement r\u00e9fl\u00e9chie \u00e9merge aujourd'hui un centre m\u00e9dical significatif, qui ne peut \u00eatre r\u00e9alis\u00e9 que par le biais de dons et d'un engagement volontaire important.<\/p>\n<p>Notre \u00e9quipe est motiv\u00e9e, avec passion et pers\u00e9v\u00e9rance de tous, l'\u00e9tablissement peut \u00eatre ouvert en 18 mois.<\/p>\n<p><b><\/b><\/p>\n<\/div>\n<\/div><\/div><\/div><\/div><div id=\"pgc-3584-4-1\"  class=\"panel-grid-cell\" ><div id=\"panel-3584-4-1-0\" class=\"so-panel widget widget_sow-image panel-first-child panel-last-child\" data-index=\"7\" ><div\n\t\t\t\n\t\t\tclass=\"so-widget-sow-image so-widget-sow-image-default-8b5b6f678277-3584\"\n\t\t\t\n\t\t>\n<div class=\"sow-image-container\">\n\t\t<img \n\tsrc=\"https:\/\/earth-c-air.com\/wp-content\/uploads\/2019\/12\/nl_2019_03_pic3.png\" width=\"754\" height=\"335\" srcset=\"https:\/\/earth-c-air.com\/wp-content\/uploads\/2019\/12\/nl_2019_03_pic3.png 754w, https:\/\/earth-c-air.com\/wp-content\/uploads\/2019\/12\/nl_2019_03_pic3-300x133.png 300w\" sizes=\"(max-width: 754px) 100vw, 754px\" alt=\"\" \t\tclass=\"so-widget-image\"\/>\n\t<\/div>\n\n<\/div><\/div><\/div><\/div><div id=\"pg-3584-5\"  class=\"panel-grid panel-no-style\" ><div id=\"pgc-3584-5-0\"  class=\"panel-grid-cell\" ><div id=\"panel-3584-5-0-0\" class=\"so-panel widget widget_sow-editor panel-first-child\" data-index=\"8\" ><div\n\t\t\t\n\t\t\tclass=\"so-widget-sow-editor so-widget-sow-editor-base\"\n\t\t\t\n\t\t>\n<div class=\"siteorigin-widget-tinymce textwidget\">\n\t<p><b><\/b><\/p>\n<p>En toute confiance dans le projet durable Swiss-Nepal et en souvenir de Regula, nous vous remercions chaleureusement de la confiance que vous nous avez t\u00e9moign\u00e9e et vous souhaitons une grande f\u00eate contemplative !<\/p>\n<p><b><\/b><\/p>\n<\/div>\n<\/div><\/div><div id=\"panel-3584-5-0-1\" class=\"so-panel widget widget_sow-editor panel-last-child\" data-index=\"9\" ><div\n\t\t\t\n\t\t\tclass=\"so-widget-sow-editor so-widget-sow-editor-base\"\n\t\t\t\n\t\t>\n<div class=\"siteorigin-widget-tinymce textwidget\">\n\t<p>Namaste und vielen Dank! Merci! Grazie! Thank you!<\/p>\n<p>Bruno Jelk \u2013 Daniel Brunner \u2013 Gerold Biner<\/p>\n<p><b><\/b><\/p>\n<p><a href=\"https:\/\/earth-c-air.com\/wp-content\/uploads\/2019\/12\/ECA_Newsletter_FV_03_19.pdf\" target=\"_blank\" rel=\"noopener\">Download PDF<\/a><\/p>\n<p><b><\/b><\/p>\n<\/div>\n<\/div><\/div><\/div><\/div><\/div>","protected":false},"excerpt":{"rendered":"<p>Chers donateurs, sympathisants et bienfaiteurs, Une perte douloureuse, une mission m\u00e9dicale et une c\u00e9r\u00e9monie historique \u00e0 la fin de l&rsquo;ann\u00e9e. Nous sommes toujours constern\u00e9s et en deuil que Regula Kaufmann, membre de l&rsquo;\u00e9quipe de notre association, ne soit plus avec nous. Regi (ici \u00e0 gauche sur la photo avec le camarade Sonam, notre employ\u00e9 de [&hellip;]<\/p>\n","protected":false},"author":3,"featured_media":3591,"comment_status":"closed","ping_status":"open","sticky":false,"template":"","format":"standard","meta":{"footnotes":""},"categories":[19],"tags":[],"class_list":["post-3584","post","type-post","status-publish","format-standard","has-post-thumbnail","hentry","category-newsletter"],"_links":{"self":[{"href":"https:\/\/earth-c-air.com\/fr\/wp-json\/wp\/v2\/posts\/3584","targetHints":{"allow":["GET"]}}],"collection":[{"href":"https:\/\/earth-c-air.com\/fr\/wp-json\/wp\/v2\/posts"}],"about":[{"href":"https:\/\/earth-c-air.com\/fr\/wp-json\/wp\/v2\/types\/post"}],"author":[{"embeddable":true,"href":"https:\/\/earth-c-air.com\/fr\/wp-json\/wp\/v2\/users\/3"}],"replies":[{"embeddable":true,"href":"https:\/\/earth-c-air.com\/fr\/wp-json\/wp\/v2\/comments?post=3584"}],"version-history":[{"count":60,"href":"https:\/\/earth-c-air.com\/fr\/wp-json\/wp\/v2\/posts\/3584\/revisions"}],"predecessor-version":[{"id":3594,"href":"https:\/\/earth-c-air.com\/fr\/wp-json\/wp\/v2\/posts\/3584\/revisions\/3594"}],"wp:featuredmedia":[{"embeddable":true,"href":"https:\/\/earth-c-air.com\/fr\/wp-json\/wp\/v2\/media\/3591"}],"wp:attachment":[{"href":"https:\/\/earth-c-air.com\/fr\/wp-json\/wp\/v2\/media?parent=3584"}],"wp:term":[{"taxonomy":"category","embeddable":true,"href":"https:\/\/earth-c-air.com\/fr\/wp-json\/wp\/v2\/categories?post=3584"},{"taxonomy":"post_tag","embeddable":true,"href":"https:\/\/earth-c-air.com\/fr\/wp-json\/wp\/v2\/tags?post=3584"}],"curies":[{"name":"wp","href":"https:\/\/api.w.org\/{rel}","templated":true}]}}